{"id":1467,"date":"2013-05-11T07:00:11","date_gmt":"2013-05-11T06:00:11","guid":{"rendered":"http:\/\/www.elinoracouture.com\/blog\/?p=1467"},"modified":"2013-05-11T10:12:37","modified_gmt":"2013-05-11T09:12:37","slug":"les-plus-belles-robes-du-gala-du-metmuseum-2013","status":"publish","type":"post","link":"http:\/\/www.elinorabijoux.com\/blog\/les-plus-belles-robes-du-gala-du-metmuseum-2013\/","title":{"rendered":"Les Plus Belles Robes du Gala du MetMuseum 2013"},"content":{"rendered":"<p>Quand j&rsquo;ai publi\u00e9 sur Facebook l&rsquo;album photo du gala du Met \u00e9dit\u00e9 par Vogue, j&rsquo;avais \u00e9t\u00e9 assez sid\u00e9r\u00e9e de voir la laideur des v\u00eatements (disons-le franchement!) affich\u00e9 par la majeure partie des stars invit\u00e9es \u00e0 cette grande soir\u00e9e.\u00a0Fanfreluches, d\u00e9collet\u00e9s abyssaux, tissus \u00e0 vomir, \u00a0(excusez-moi, mais oui), on aurait dit qu&rsquo;elles s&rsquo;\u00e9taient lanc\u00e9es dans un concours de mauvais go\u00fbt. Heureusement, quelques stars ont su sauver la soir\u00e9e par leur \u00e9l\u00e9gance et (pour certaines) leur distinction. Voici les tenues que j&rsquo;ai pr\u00e9f\u00e9r\u00e9 (\u00e9videmment, plusieurs sont vintage-inspired, of course!).<\/p>\n<p>La plus dr\u00f4le:<\/p>\n<div style=\"width: 555px\" class=\"wp-caption alignnone\"><img loading=\"lazy\" alt=\"Gala du MET Costume Institute 2013 Madonna\" src=\"http:\/\/www.vogue.fr\/uploads\/images\/thumbs\/201319\/madonna_givenchy_haute_cout_715571567_north_545x.jpg\" width=\"545\" height=\"819\" \/><p class=\"wp-caption-text\">Le th\u00e8me \u00e9tait \u00ab\u00a0Punk, Chaos to Couture\u00a0\u00bb. Madonna s&rsquo;est vraiment donn\u00e9e \u00e0 fond dans le th\u00e8me, limite trop. Ce n&rsquo;est pas beau, mais c&rsquo;est tr\u00e8s bien imagin\u00e9, et \u00e9videmment, avec des v\u00eatements haute couture bien coup\u00e9s, cela fait son petit effet! Elle \u00e9tait en Givenchy par Ricardo Tisci.<\/p><\/div>\n<p>Les florales:<\/p>\n<div style=\"width: 555px\" class=\"wp-caption alignnone\"><img loading=\"lazy\" alt=\"Gala du MET Costume Institute 2013 Chanel\" src=\"http:\/\/www.vogue.fr\/uploads\/images\/thumbs\/201319\/abaca_363439_094_776958544_north_545x.jpg\" width=\"545\" height=\"819\" \/><p class=\"wp-caption-text\">Anna Wintour et sa fille Bee Schaffer. Madame en Chanel et Mademoiselle en Dior. J&rsquo;aime bien l&rsquo;imprim\u00e9 de la robe Chanel et j&rsquo;ai toujours aim\u00e9 les robes sir\u00e8ne.<\/p><\/div>\n<p>N&rsquo;oubliez pas, \u00e0 la belle saison, on ressort nos jolis v\u00eatements ray\u00e9s&#8230;<\/p>\n<div style=\"width: 555px\" class=\"wp-caption alignnone\"><img loading=\"lazy\" alt=\"Gala du MET Costume Institute 2013 Liya en Alberta Ferretti\" src=\"http:\/\/www.vogue.fr\/uploads\/images\/thumbs\/201319\/liya_in_alberta_ferretti_fo_346696279_north_545x.jpg\" width=\"545\" height=\"819\" \/><p class=\"wp-caption-text\">&#8230; comme Liya Kebede en Alberta Ferretti. Regardez ce joli imprim\u00e9 ray\u00e9 blanc, rouge et noir, semble-t-il en taffetas brillant. La coupe est jolie et avec ce gros jupon en tulle et dentelle noirs, l&rsquo;effet est garanti. Un petit b\u00e9mol pour la coiffure (rien n&rsquo;est parfait).<\/p><\/div>\n<p>Une\u00a0vestale?<\/p>\n<div style=\"width: 327px\" class=\"wp-caption alignnone\"><img loading=\"lazy\" alt=\"Parties \u2014 Dylan Lauren\" src=\"http:\/\/media.vogue.com\/files\/filecheck\/2013\/05\/06\/jt-1-red-carpet-1124_193202731351.jpg_carousel_parties.jpg\" width=\"317\" height=\"480\" \/><p class=\"wp-caption-text\">Dylan Lauren porte bien s\u00fbr une robe de son p\u00e8re Ralph.<\/p><\/div>\n<div style=\"width: 385px\" class=\"wp-caption alignnone\"><img loading=\"lazy\" alt=\"\" src=\"http:\/\/www.harpersbazaar.com\/cm\/harpersbazaar\/images\/Ga\/hbz-met-ball-2013-Emilia-Clarke-lgn.jpg\" width=\"375\" height=\"563\" \/><p class=\"wp-caption-text\">Emilia Clarke en Ralph Lauren \u00e9galement.<\/p><\/div>\n<p>L&rsquo;Inde nous donne le mot de la fin:<\/p>\n<div id=\"attachment_1468\" style=\"width: 355px\" class=\"wp-caption alignnone\"><a href=\"http:\/\/www.elinoracouture.com\/blog\/wp-content\/uploads\/2013\/05\/met-gala-jt-3-red-carpet-1386_192153932564.jpg_carousel_parties.jpg\"><img aria-describedby=\"caption-attachment-1468\" loading=\"lazy\" class=\"size-full wp-image-1468\" alt=\"Nora Zehetner en Marchesa. Je crois que c'est cette robe que je pr\u00e9f\u00e8re. Elle est ravissante, bien coup\u00e9e dans ce joli tissu de sari, et la demoiselle est parfaitement coiff\u00e9e et accessoiris\u00e9e.\" src=\"http:\/\/www.elinoracouture.com\/blog\/wp-content\/uploads\/2013\/05\/met-gala-jt-3-red-carpet-1386_192153932564.jpg_carousel_parties.jpg\" width=\"345\" height=\"480\" srcset=\"http:\/\/www.elinorabijoux.com\/blog\/wp-content\/uploads\/2013\/05\/met-gala-jt-3-red-carpet-1386_192153932564.jpg_carousel_parties.jpg 345w, http:\/\/www.elinorabijoux.com\/blog\/wp-content\/uploads\/2013\/05\/met-gala-jt-3-red-carpet-1386_192153932564.jpg_carousel_parties-215x300.jpg 215w\" sizes=\"(max-width: 345px) 100vw, 345px\" \/><\/a><p id=\"caption-attachment-1468\" class=\"wp-caption-text\">Nora Zehetner en Marchesa. Je crois que c&rsquo;est cette robe que je pr\u00e9f\u00e8re. Elle est ravissante, bien coup\u00e9e dans ce joli tissu de sari, et la demoiselle est parfaitement coiff\u00e9e et accessoiris\u00e9e. Marchesa s&rsquo;est ici non seulement inspir\u00e9 des saris mais \u00e9galement des ann\u00e9es 50: ce genre de robe-\u00e9tole \u00e9tait tr\u00e8s fr\u00e9quent dans les collections de cette \u00e9poque.<\/p><\/div>\n","protected":false},"excerpt":{"rendered":"<p>Quand j&rsquo;ai publi\u00e9 sur Facebook l&rsquo;album photo du gala du Met \u00e9dit\u00e9 par Vogue, j&rsquo;avais \u00e9t\u00e9 assez sid\u00e9r\u00e9e de voir la laideur des v\u00eatements (disons-le franchement!) affich\u00e9 par la majeure partie des stars invit\u00e9es \u00e0 cette grande soir\u00e9e.\u00a0Fanfreluches, d\u00e9collet\u00e9s abyssaux, &hellip; <a href=\"http:\/\/www.elinorabijoux.com\/blog\/les-plus-belles-robes-du-gala-du-metmuseum-2013\/\">Continuer la lecture <span class=\"meta-nav\">&rarr;<\/span><\/a><\/p>\n","protected":false},"author":1,"featured_media":0,"comment_status":"open","ping_status":"open","sticky":false,"template":"","format":"standard","meta":[],"categories":[16],"tags":[787],"_links":{"self":[{"href":"http:\/\/www.elinorabijoux.com\/blog\/wp-json\/wp\/v2\/posts\/1467"}],"collection":[{"href":"http:\/\/www.elinorabijoux.com\/blog\/wp-json\/wp\/v2\/posts"}],"about":[{"href":"http:\/\/www.elinorabijoux.com\/blog\/wp-json\/wp\/v2\/types\/post"}],"author":[{"embeddable":true,"href":"http:\/\/www.elinorabijoux.com\/blog\/wp-json\/wp\/v2\/users\/1"}],"replies":[{"embeddable":true,"href":"http:\/\/www.elinorabijoux.com\/blog\/wp-json\/wp\/v2\/comments?post=1467"}],"version-history":[{"count":5,"href":"http:\/\/www.elinorabijoux.com\/blog\/wp-json\/wp\/v2\/posts\/1467\/revisions"}],"predecessor-version":[{"id":1473,"href":"http:\/\/www.elinorabijoux.com\/blog\/wp-json\/wp\/v2\/posts\/1467\/revisions\/1473"}],"wp:attachment":[{"href":"http:\/\/www.elinorabijoux.com\/blog\/wp-json\/wp\/v2\/media?parent=1467"}],"wp:term":[{"taxonomy":"category","embeddable":true,"href":"http:\/\/www.elinorabijoux.com\/blog\/wp-json\/wp\/v2\/categories?post=1467"},{"taxonomy":"post_tag","embeddable":true,"href":"http:\/\/www.elinorabijoux.com\/blog\/wp-json\/wp\/v2\/tags?post=1467"}],"curies":[{"name":"wp","href":"https:\/\/api.w.org\/{rel}","templated":true}]}}