{"id":161,"date":"2012-09-02T20:44:17","date_gmt":"2012-09-02T19:44:17","guid":{"rendered":"http:\/\/cluster006.ovh.net\/~elinorac\/blog\/?p=161"},"modified":"2013-05-20T17:20:12","modified_gmt":"2013-05-20T16:20:12","slug":"histoire-de-marques-1-hermes","status":"publish","type":"post","link":"http:\/\/www.elinorabijoux.com\/blog\/histoire-de-marques-1-hermes\/","title":{"rendered":"Histoire de marques #1: Herm\u00e8s"},"content":{"rendered":"<p>Thierry Herm\u00e8s, n\u00e9 sur les bords du Rhin alors fran\u00e7ais en 1801, est le fondateur d&rsquo;une entreprise de harnacheur-sellier.<\/p>\n<div><img loading=\"lazy\" src=\"http:\/\/upload.wikimedia.org\/wikipedia\/commons\/thumb\/4\/46\/ThierryHerm%C3%A8s.jpg\/220px-ThierryHerm%C3%A8s.jpg\" alt=\"\" width=\"224\" height=\"320\" \/><\/div>\n<div>Thierry Herm\u00e8s (source:\u00a0<a href=\"http:\/\/fr.wikipedia.org\/wiki\/Herm%C3%A8s_International\">http:\/\/fr.wikipedia.org\/wiki\/Herm%C3%A8s_International<\/a>)<\/div>\n<p>Il meurt en 1878 et laisse \u00e0 son fils Charles-Emile, l&rsquo;entreprise install\u00e9e rue du Faubourg-Saint-Honor\u00e9, \u00e0 Paris. Charles-Emile Herm\u00e8s, tout en gardant l&rsquo;activit\u00e9 d&rsquo;origine, produit \u00e9galement des articles d&rsquo;\u00e9quitation de loisir, dont des couvertures pour chevaux, des casaques de courses (en soie), et ce fameux sac qui, modifi\u00e9 plus tard, deviendra le \u00ab\u00a0Kelly de Herm\u00e8s\u00a0\u00bb. Il sert \u00e0 transporter la selle et les bottes des cavaliers.<\/p>\n<p>Charles-Emile meurt en 1916 et d&rsquo;autres membres de la famille reprennent ce qu&rsquo;on peut d\u00e9sormais appeler la \u00ab\u00a0maison Herm\u00e8s\u00a0\u00bb: Adolphe et Emile-Maurice Herm\u00e8s profitent de l&rsquo;essor de l&rsquo;automobile pour se lancer dans la bagagerie. Dans les ann\u00e9es 20, Herm\u00e8s devient aussi maison de couture, d&rsquo;horlogerie, de bijouterie, cr\u00e9\u00e9 des accessoires de sport ou des d\u00e9cors int\u00e9rieurs.<\/p>\n<div><img loading=\"lazy\" src=\"http:\/\/4.bp.blogspot.com\/_wpWfKLeDR3E\/TMWZIpzNZDI\/AAAAAAAABvg\/83k0GfaTNUo\/s320\/logo_hermes.jpg\" alt=\"\" width=\"320\" height=\"241\" \/><\/div>\n<div>source:\u00a0<a href=\"http:\/\/trading-vision.blogspot.com\/2010\/10\/hermes-rms-profite-de-la-prise-de.html\">http:\/\/trading-vision.blogspot.com\/2010\/10\/hermes-rms-profite-de-la-prise-de.html<\/a>)<\/div>\n<p>Les carr\u00e9s Herm\u00e8s, ces foulards de soie richement dessin\u00e9s, sont cr\u00e9\u00e9s en 1929 par la styliste Lola Prusac.<\/p>\n<p>A partir de cette \u00e9poque, les dirigeants d&rsquo;Herm\u00e8s n&rsquo;auront de cesse de cr\u00e9er des produits phares tel que les carr\u00e9s de soie ou le sac Kelly, avec le souci constant d&rsquo;une exceptionnelle qualit\u00e9.<\/p>\n<p>La maison se lance dans la parfumerie en 1950 avec l&rsquo;Eau Herm\u00e8s, puis dans les cosm\u00e9tiques. John-Lobb, un bottier, rentre chez Herm\u00e8s en 1976. Puis, Herm\u00e8s se fait actionnaire minoritaire ou majoritaire d&rsquo;entreprises de luxe telles que la cristallerie Saint-Louis, Gaultier, ou en acquiert d&rsquo;autres telles Bucol, une entreprise de soieries bas\u00e9e dans la Loire.<\/p>\n<p>Patrick Thomas est la premi\u00e8re personne qui ne soit pas membre de la famille Herm\u00e8s \u00e0 diriger le groupe, ce depuis 2006.<\/p>\n<div><img loading=\"lazy\" src=\"http:\/\/www.newsluxe.com\/Image\/Fashion%20Week%20Paris\/HERMES-paris-fashion-week.jpg\" alt=\"Herm\u00e8s Paris fashion week\" width=\"320\" height=\"212\" \/><\/div>\n<div>P\/E 2010 (source:\u00a0<a href=\"http:\/\/www.newsluxe.com\/hermes-paris-fashion-week.php\">http:\/\/www.newsluxe.com\/hermes-paris-fashion-week.php<\/a>)<\/div>\n","protected":false},"excerpt":{"rendered":"<p>Thierry Herm\u00e8s, n\u00e9 sur les bords du Rhin alors fran\u00e7ais en 1801, est le fondateur d&rsquo;une entreprise de harnacheur-sellier. Thierry Herm\u00e8s (source:\u00a0http:\/\/fr.wikipedia.org\/wiki\/Herm%C3%A8s_International) Il meurt en 1878 et laisse \u00e0 son fils Charles-Emile, l&rsquo;entreprise install\u00e9e rue du Faubourg-Saint-Honor\u00e9, \u00e0 Paris. Charles-Emile &hellip; <a href=\"http:\/\/www.elinorabijoux.com\/blog\/histoire-de-marques-1-hermes\/\">Continuer la lecture <span class=\"meta-nav\">&rarr;<\/span><\/a><\/p>\n","protected":false},"author":1,"featured_media":0,"comment_status":"open","ping_status":"open","sticky":false,"template":"","format":"standard","meta":[],"categories":[9,7],"tags":[800,817,137],"_links":{"self":[{"href":"http:\/\/www.elinorabijoux.com\/blog\/wp-json\/wp\/v2\/posts\/161"}],"collection":[{"href":"http:\/\/www.elinorabijoux.com\/blog\/wp-json\/wp\/v2\/posts"}],"about":[{"href":"http:\/\/www.elinorabijoux.com\/blog\/wp-json\/wp\/v2\/types\/post"}],"author":[{"embeddable":true,"href":"http:\/\/www.elinorabijoux.com\/blog\/wp-json\/wp\/v2\/users\/1"}],"replies":[{"embeddable":true,"href":"http:\/\/www.elinorabijoux.com\/blog\/wp-json\/wp\/v2\/comments?post=161"}],"version-history":[{"count":3,"href":"http:\/\/www.elinorabijoux.com\/blog\/wp-json\/wp\/v2\/posts\/161\/revisions"}],"predecessor-version":[{"id":1510,"href":"http:\/\/www.elinorabijoux.com\/blog\/wp-json\/wp\/v2\/posts\/161\/revisions\/1510"}],"wp:attachment":[{"href":"http:\/\/www.elinorabijoux.com\/blog\/wp-json\/wp\/v2\/media?parent=161"}],"wp:term":[{"taxonomy":"category","embeddable":true,"href":"http:\/\/www.elinorabijoux.com\/blog\/wp-json\/wp\/v2\/categories?post=161"},{"taxonomy":"post_tag","embeddable":true,"href":"http:\/\/www.elinorabijoux.com\/blog\/wp-json\/wp\/v2\/tags?post=161"}],"curies":[{"name":"wp","href":"https:\/\/api.w.org\/{rel}","templated":true}]}}