{"id":1852,"date":"2014-10-21T14:50:10","date_gmt":"2014-10-21T13:50:10","guid":{"rendered":"http:\/\/www.elinorabijoux.com\/blog\/?p=1852"},"modified":"2014-10-21T14:50:56","modified_gmt":"2014-10-21T13:50:56","slug":"oscar-de-la-renta-1932-2014","status":"publish","type":"post","link":"http:\/\/www.elinorabijoux.com\/blog\/oscar-de-la-renta-1932-2014\/","title":{"rendered":"Oscar de la Renta (1932-2014)"},"content":{"rendered":"<div id=\"attachment_1853\" style=\"width: 400px\" class=\"wp-caption alignnone\"><a href=\"http:\/\/www.elinorabijoux.com\/blog\/wp-content\/uploads\/2014\/10\/odelr1986.jpg\"><img aria-describedby=\"caption-attachment-1853\" loading=\"lazy\" class=\"size-full wp-image-1853\" alt=\"Oscar de la Renta chez lui \u00e0 Saint-Domingue, 1986.\" src=\"http:\/\/www.elinorabijoux.com\/blog\/wp-content\/uploads\/2014\/10\/odelr1986.jpg\" width=\"390\" height=\"534\" srcset=\"http:\/\/www.elinorabijoux.com\/blog\/wp-content\/uploads\/2014\/10\/odelr1986.jpg 390w, http:\/\/www.elinorabijoux.com\/blog\/wp-content\/uploads\/2014\/10\/odelr1986-219x300.jpg 219w\" sizes=\"(max-width: 390px) 100vw, 390px\" \/><\/a><p id=\"caption-attachment-1853\" class=\"wp-caption-text\">Oscar de la Renta chez lui \u00e0 Saint-Domingue, 1986.<\/p><\/div>\n<p>Le monde de la mode a eu la tristesse aujourd&rsquo;hui d&rsquo;apprendre la mort du grand cr\u00e9ateur Oscar de la Renta, des suites d&rsquo;un cancer. Tout derni\u00e8rement, il avait sign\u00e9 la robe de mari\u00e9e d&rsquo;Amal Clooney. Et il avait lui-m\u00eame pr\u00e9sent\u00e9 sa derni\u00e8re collection.<\/p>\n<p>D&rsquo;origine dominicaine, il s&rsquo;installe en Espagne \u00e0 l&rsquo;\u00e2ge de 18 ans pour \u00e9tudier la peinture, mais se dirige rapidement vers la mode et devient l&rsquo;\u00e9l\u00e8ve de Balenciaga. Puis, c&rsquo;est Antonio Castillo qu&rsquo;il assiste chez Lanvin \u00e0 Paris.<\/p>\n<p>En 1963, il travaille pour Elisabeth Arden et lance sa propre marque deux ans plus tard.<\/p>\n<p>Son style est romantique et color\u00e9, ce qui lui attirera les faveurs des Premi\u00e8res Dames, dont Jacqueline Kennedy, mais aussi celles de femmes venant du monde du show-business, comme Oprah Winfrey et Sarah Jessica Parker.<\/p>\n<p>Il a \u00e9t\u00e9 designer pour Balmain dans les ann\u00e9es 1990, et s&rsquo;est \u00e9galement lanc\u00e9 dans la parfumerie: \u00ab\u00a0Le parfum est une robe invisible qui laisse une trace immat\u00e9rielle, tenace, magique\u00a0\u00bb, dira-t-il \u00e0 l&rsquo;Officiel Paris en 1984.<\/p>\n<p>Il s&rsquo;exprime ainsi sur son id\u00e9e de la femme: \u00ab\u00a0J&rsquo;aime les femmes qui ont une t\u00eate, pas seule- ment un visage.\u00a0Qui sont vitales, actives, qui ont un corps et une \u00e2me.\u00a0Je n&rsquo;aime pas les gens inutiles qui ne contribuent pas \u00e0 leur vie.\u00a0J&rsquo;aime la dynamique optimiste de ceux qui se prennent en charge, qui contribuent \u00e0 la vie.\u00a0\u00bb<\/p>\n<p>Et sur les v\u00eatement: \u00ab\u00a0Le v\u00eatement doit \u00eatre en retrait, ne doit pas \u00eatre en conflit avec le caract\u00e8re de celui qui le porte.\u00a0Entre le v\u00eatement et la personnalit\u00e9, il doit y avoir accord.\u00a0Un look ne doit pas choquer, on doit reconna\u00eetre une personne par la signature d&rsquo;un cr\u00e9ateur\u00a0\u00bb. (l&rsquo;Officiel Paris, 1984).<\/p>\n<p>Il aimait le luxe et l&rsquo;\u00e9l\u00e9gance, et il s&rsquo;en entourait. Il \u00e9tait passionn\u00e9 par le XVIIIe et le XIXe si\u00e8cle, l&rsquo;une de ses maisons \u00e9tait d\u00e9cor\u00e9e dans le style Napol\u00e9on III, et il collectionnait les tableaux des peintres orientalistes. Philanthrope aussi bien qu&rsquo;amateur d&rsquo;art, il a fond\u00e9 un orphelinat dans son pays natal, et a adopt\u00e9 un b\u00e9b\u00e9 trouv\u00e9 apr\u00e8s avoir \u00e9t\u00e9 veuf de sa premi\u00e8re \u00e9pouse. Il faisait parti des plus grands et laisse un immense h\u00e9ritage \u00e0 la mode, mot qu&rsquo;il d\u00e9testait employer!<\/p>\n<div id=\"attachment_1854\" style=\"width: 440px\" class=\"wp-caption alignnone\"><a href=\"http:\/\/www.elinorabijoux.com\/blog\/wp-content\/uploads\/2014\/10\/OdelRenta1993.jpg\"><img aria-describedby=\"caption-attachment-1854\" loading=\"lazy\" class=\"size-full wp-image-1854\" alt=\"Pour Balmain, 1993.\" src=\"http:\/\/www.elinorabijoux.com\/blog\/wp-content\/uploads\/2014\/10\/OdelRenta1993.jpg\" width=\"430\" height=\"594\" srcset=\"http:\/\/www.elinorabijoux.com\/blog\/wp-content\/uploads\/2014\/10\/OdelRenta1993.jpg 430w, http:\/\/www.elinorabijoux.com\/blog\/wp-content\/uploads\/2014\/10\/OdelRenta1993-217x300.jpg 217w\" sizes=\"(max-width: 430px) 100vw, 430px\" \/><\/a><p id=\"caption-attachment-1854\" class=\"wp-caption-text\">Pour Balmain, 1993.<\/p><\/div>\n<div id=\"attachment_1855\" style=\"width: 434px\" class=\"wp-caption alignnone\"><a href=\"http:\/\/www.elinorabijoux.com\/blog\/wp-content\/uploads\/2014\/10\/OdelRenta93.jpg\"><img aria-describedby=\"caption-attachment-1855\" loading=\"lazy\" class=\"size-full wp-image-1855\" alt=\"Toujours pour Balmain, 1993.\" src=\"http:\/\/www.elinorabijoux.com\/blog\/wp-content\/uploads\/2014\/10\/OdelRenta93.jpg\" width=\"424\" height=\"596\" srcset=\"http:\/\/www.elinorabijoux.com\/blog\/wp-content\/uploads\/2014\/10\/OdelRenta93.jpg 424w, http:\/\/www.elinorabijoux.com\/blog\/wp-content\/uploads\/2014\/10\/OdelRenta93-213x300.jpg 213w\" sizes=\"(max-width: 424px) 100vw, 424px\" \/><\/a><p id=\"caption-attachment-1855\" class=\"wp-caption-text\">Toujours pour Balmain, 1993.<\/p><\/div>\n<div id=\"attachment_1856\" style=\"width: 448px\" class=\"wp-caption alignnone\"><a href=\"http:\/\/www.elinorabijoux.com\/blog\/wp-content\/uploads\/2014\/10\/OdelRenta-1997.jpg\"><img aria-describedby=\"caption-attachment-1856\" loading=\"lazy\" class=\"size-full wp-image-1856\" alt=\"1997. satin de velours imprim\u00e9, zibeline.\" src=\"http:\/\/www.elinorabijoux.com\/blog\/wp-content\/uploads\/2014\/10\/OdelRenta-1997.jpg\" width=\"438\" height=\"612\" srcset=\"http:\/\/www.elinorabijoux.com\/blog\/wp-content\/uploads\/2014\/10\/OdelRenta-1997.jpg 438w, http:\/\/www.elinorabijoux.com\/blog\/wp-content\/uploads\/2014\/10\/OdelRenta-1997-214x300.jpg 214w\" sizes=\"(max-width: 438px) 100vw, 438px\" \/><\/a><p id=\"caption-attachment-1856\" class=\"wp-caption-text\">1997. satin de velours imprim\u00e9, zibeline.<\/p><\/div>\n","protected":false},"excerpt":{"rendered":"<p>Le monde de la mode a eu la tristesse aujourd&rsquo;hui d&rsquo;apprendre la mort du grand cr\u00e9ateur Oscar de la Renta, des suites d&rsquo;un cancer. Tout derni\u00e8rement, il avait sign\u00e9 la robe de mari\u00e9e d&rsquo;Amal Clooney. Et il avait lui-m\u00eame pr\u00e9sent\u00e9 &hellip; <a href=\"http:\/\/www.elinorabijoux.com\/blog\/oscar-de-la-renta-1932-2014\/\">Continuer la lecture <span class=\"meta-nav\">&rarr;<\/span><\/a><\/p>\n","protected":false},"author":1,"featured_media":0,"comment_status":"open","ping_status":"open","sticky":false,"template":"","format":"standard","meta":[],"categories":[18],"tags":[972],"_links":{"self":[{"href":"http:\/\/www.elinorabijoux.com\/blog\/wp-json\/wp\/v2\/posts\/1852"}],"collection":[{"href":"http:\/\/www.elinorabijoux.com\/blog\/wp-json\/wp\/v2\/posts"}],"about":[{"href":"http:\/\/www.elinorabijoux.com\/blog\/wp-json\/wp\/v2\/types\/post"}],"author":[{"embeddable":true,"href":"http:\/\/www.elinorabijoux.com\/blog\/wp-json\/wp\/v2\/users\/1"}],"replies":[{"embeddable":true,"href":"http:\/\/www.elinorabijoux.com\/blog\/wp-json\/wp\/v2\/comments?post=1852"}],"version-history":[{"count":2,"href":"http:\/\/www.elinorabijoux.com\/blog\/wp-json\/wp\/v2\/posts\/1852\/revisions"}],"predecessor-version":[{"id":1858,"href":"http:\/\/www.elinorabijoux.com\/blog\/wp-json\/wp\/v2\/posts\/1852\/revisions\/1858"}],"wp:attachment":[{"href":"http:\/\/www.elinorabijoux.com\/blog\/wp-json\/wp\/v2\/media?parent=1852"}],"wp:term":[{"taxonomy":"category","embeddable":true,"href":"http:\/\/www.elinorabijoux.com\/blog\/wp-json\/wp\/v2\/categories?post=1852"},{"taxonomy":"post_tag","embeddable":true,"href":"http:\/\/www.elinorabijoux.com\/blog\/wp-json\/wp\/v2\/tags?post=1852"}],"curies":[{"name":"wp","href":"https:\/\/api.w.org\/{rel}","templated":true}]}}