{"id":68,"date":"2012-09-02T19:30:03","date_gmt":"2012-09-02T18:30:03","guid":{"rendered":"http:\/\/cluster006.ovh.net\/~elinorac\/blog\/?p=68"},"modified":"2013-02-26T14:19:28","modified_gmt":"2013-02-26T13:19:28","slug":"trois-icones-de-la-belle-epoque","status":"publish","type":"post","link":"http:\/\/www.elinorabijoux.com\/blog\/trois-icones-de-la-belle-epoque\/","title":{"rendered":"Trois ic\u00f4nes de la Belle Epoque"},"content":{"rendered":"<div><img loading=\"lazy\" src=\"http:\/\/upload.wikimedia.org\/wikipedia\/commons\/a\/a9\/La_Belle_Otero_by_Reutlinger.jpg\" alt=\"\" width=\"215\" height=\"320\" \/><\/div>\n<div><a href=\"http:\/\/www.photo.rmn.fr\/cf\/htm\/CSearchZ.aspx?Total=53&amp;FP=654067&amp;E=2CN64BCZ6LC&amp;SID=2CN64BCZ6LC&amp;New=T&amp;Pic=16\"><img loading=\"lazy\" src=\"http:\/\/25.media.tumblr.com\/tumblr_kwcp74QTxr1qzdzano1_500.jpg\" alt=\"Reutlinger ~La Belle Otero,c.1895\" width=\"213\" height=\"320\" \/><\/a><\/div>\n<div>La Belle Ot\u00e9ro, 1868-1965 (source:\u00a0<a href=\"http:\/\/www.histoire-image.org\/site\/etude_comp\/etude_comp_detail.php?i=1140\">http:\/\/www.histoire-image.org\/site\/etude_comp\/etude_comp_detail.php?i=1140<\/a>)<\/div>\n<div>Elle eut une vie difficile avant d&rsquo;acceder \u00e0 la gloire: elle naquit dans une famille tr\u00e8s pauvre; son p\u00e8re avait abandonn\u00e9 sa m\u00e8re, qui chassa sa fille lorsque elle avait douze ans. Elle tenta sa chance \u00e0 Barcelone puis \u00e0 Paris comme danseuse de cabaret, eut des liaisons avec des personnages du \u00ab\u00a0beau monde\u00a0\u00bb, et mourut seule et oubli\u00e9e \u00e0 l&rsquo;\u00e2ge de 96 ans. Sur ces superbes photographies de Charles Reutlinger, l&rsquo;un des deux plus grands photographes de son \u00e9poque (l&rsquo;autre \u00e9tant Nadar), la robe qu&rsquo;elle porte est une tenue de sc\u00e8ne. La taille des manches accentue la minceur de la taille, tandis que les bijoux, loin d&rsquo;alourdir la silhouette malgr\u00e9 leur nombre, rehausse sa beaut\u00e9.<\/div>\n<div><\/div>\n<div><img loading=\"lazy\" src=\"http:\/\/upload.wikimedia.org\/wikipedia\/commons\/thumb\/b\/b9\/Emilienne_D%27Alencon.jpg\/220px-Emilienne_D%27Alencon.jpg\" alt=\"\" width=\"204\" height=\"320\" \/><\/div>\n<div><img loading=\"lazy\" src=\"http:\/\/www.parisenimages.fr\/Export450\/7000\/6873-2.jpg\" alt=\"\" width=\"240\" height=\"320\" \/><\/div>\n<div>\u00a0Emilienne d&rsquo;Alen\u00e7on, 1869- 1946\u00a0(source:\u00a0<a href=\"http:\/\/fr.wikipedia.org\/wiki\/%C3%89milienne_d'Alen%C3%A7on\">http:\/\/fr.wikipedia.org\/wiki\/%C3%89milienne_d&rsquo;Alen%C3%A7on<\/a>\u00a0et<a href=\"http:\/\/www.parisenimages.fr\/fr\/popup-photo.html?photo=6873-2)\">http:\/\/www.parisenimages.fr\/fr\/popup-photo.html?photo=6873-2<\/a>)<\/div>\n<div>Elle fut danseuse au Cirque d&rsquo;Et\u00e9, puis au Casino de Paris, aux Menus-Plaisirs, aux Folies Berg\u00e8res, \u00e0 la Scala et au th\u00e9\u00e2tre des Vari\u00e9t\u00e9s. Elle \u00e9tait une grande amie de Caroline Ot\u00e9ro, la Belle Ot\u00e9ro. Elle fut la premi\u00e8re femme \u00e0 porter les chapeaux de Chanel, qu&rsquo;elle contribua \u00e0 lancer.<\/div>\n<div><a href=\"http:\/\/fr.wikipedia.org\/wiki\/Fichier:Pougy,_Liane_de.jpg\"><img loading=\"lazy\" src=\"http:\/\/upload.wikimedia.org\/wikipedia\/commons\/thumb\/f\/f6\/Pougy%2C_Liane_de.jpg\/250px-Pougy%2C_Liane_de.jpg\" alt=\"\" width=\"236\" height=\"320\" \/><\/a><\/div>\n<div><img loading=\"lazy\" src=\"http:\/\/www.sauvparcml.asso.fr\/Photos%20Epoques\/Personnalites\/Photos\/159J.jpg\" alt=\"\" width=\"197\" height=\"320\" border=\"0\" \/><\/div>\n<div>Liane de Pougy,\u00a01869-1950 (source:\u00a0<a href=\"http:\/\/fr.wikipedia.org\/wiki\/Liane_de_Pougy\">http:\/\/fr.wikipedia.org\/wiki\/Liane_de_Pougy<\/a>\u00a0et<a href=\"http:\/\/www.sauvparcml.asso.fr\/Photos%20Epoques\/Personnalites\/Pougy.htm\">http:\/\/www.sauvparcml.asso.fr\/Photos%20Epoques\/Personnalites\/Pougy.htm<\/a>)<\/div>\n<div>Liane de Pougy fut la grande rivale d&rsquo;Ot\u00e9ro. Tout comme les deux premi\u00e8res, elle \u00e9tait danseuse de cabaret et courtisane. Mari\u00e9e \u00e0 dix-sept ans \u00e0 un homme violent, elle en divorce deux ans plus tard apr\u00e8s avoir fui \u00e0 Paris. Dans la capitale, elle est prise en charge par un auteur dramatique, Henri Meillac, qui lui fait prendre des cours de danse et la fait engager aux Folies Berg\u00e8res. Elle se lance en parall\u00e8le dans une carri\u00e8re de courtisane. Se repentant de la vie immorale qu&rsquo;elle avait men\u00e9e, elle\u00a0meurt \u00e0 82 ans dans un couvent\u00a0dans lequel elle\u00a0\u00e9tait entr\u00e9e comme novice \u00e0 l&rsquo;\u00e2ge de 76 ans.<\/div>\n<div><\/div>\n<div>Pourquoi ai-je choisi ces trois femmes? D&rsquo;abord \u00e0 cause de leurs relations: toutes trois se connaissaient. Emilienne d&rsquo;Alen\u00e7on \u00e9tait la grande amie de Caroline Ot\u00e9ro qui \u00e9tait la grande rivale de Liane de Pougy. On les nommait \u00ab\u00a0les trois gr\u00e2ces\u00a0\u00bb (non, pas grasses&#8230; oui je sors). Ensuite parce qu&rsquo;elles sont trois ic\u00f4nes de mode: leur style \u00e9tait suivi, admir\u00e9 ou critiqu\u00e9, mais ne laissait jamais indiff\u00e9rent. Liane de Pougy, par exemple, fut habill\u00e9e par Madeleine Vionnet, et Emilienne d&rsquo;Alen\u00e7on porta les chapeaux de Chanel. Enfin \u00e0 cause de cette volont\u00e9 qu&rsquo;elles avaient, toutes trois, de sortir de la fange o\u00f9 elles \u00e9taient n\u00e9es et de r\u00e9ussir. Elles n&rsquo;ont pas \u00e9t\u00e9 heureuses, en tout cas pas toujours, mais l&rsquo;auraient-elles \u00e9t\u00e9 malgr\u00e9 tout, si elles n&rsquo;avaient pas cherch\u00e9 la reconnaissance sociale?<\/div>\n","protected":false},"excerpt":{"rendered":"<p>La Belle Ot\u00e9ro, 1868-1965 (source:\u00a0http:\/\/www.histoire-image.org\/site\/etude_comp\/etude_comp_detail.php?i=1140) Elle eut une vie difficile avant d&rsquo;acceder \u00e0 la gloire: elle naquit dans une famille tr\u00e8s pauvre; son p\u00e8re avait abandonn\u00e9 sa m\u00e8re, qui chassa sa fille lorsque elle avait douze ans. Elle tenta sa &hellip; <a href=\"http:\/\/www.elinorabijoux.com\/blog\/trois-icones-de-la-belle-epoque\/\">Continuer la lecture <span class=\"meta-nav\">&rarr;<\/span><\/a><\/p>\n","protected":false},"author":1,"featured_media":0,"comment_status":"open","ping_status":"open","sticky":false,"template":"","format":"standard","meta":[],"categories":[6],"tags":[468,465,466,467,268],"_links":{"self":[{"href":"http:\/\/www.elinorabijoux.com\/blog\/wp-json\/wp\/v2\/posts\/68"}],"collection":[{"href":"http:\/\/www.elinorabijoux.com\/blog\/wp-json\/wp\/v2\/posts"}],"about":[{"href":"http:\/\/www.elinorabijoux.com\/blog\/wp-json\/wp\/v2\/types\/post"}],"author":[{"embeddable":true,"href":"http:\/\/www.elinorabijoux.com\/blog\/wp-json\/wp\/v2\/users\/1"}],"replies":[{"embeddable":true,"href":"http:\/\/www.elinorabijoux.com\/blog\/wp-json\/wp\/v2\/comments?post=68"}],"version-history":[{"count":3,"href":"http:\/\/www.elinorabijoux.com\/blog\/wp-json\/wp\/v2\/posts\/68\/revisions"}],"predecessor-version":[{"id":1157,"href":"http:\/\/www.elinorabijoux.com\/blog\/wp-json\/wp\/v2\/posts\/68\/revisions\/1157"}],"wp:attachment":[{"href":"http:\/\/www.elinorabijoux.com\/blog\/wp-json\/wp\/v2\/media?parent=68"}],"wp:term":[{"taxonomy":"category","embeddable":true,"href":"http:\/\/www.elinorabijoux.com\/blog\/wp-json\/wp\/v2\/categories?post=68"},{"taxonomy":"post_tag","embeddable":true,"href":"http:\/\/www.elinorabijoux.com\/blog\/wp-json\/wp\/v2\/tags?post=68"}],"curies":[{"name":"wp","href":"https:\/\/api.w.org\/{rel}","templated":true}]}}