{"id":72,"date":"2012-09-02T19:31:55","date_gmt":"2012-09-02T18:31:55","guid":{"rendered":"http:\/\/cluster006.ovh.net\/~elinorac\/blog\/?p=72"},"modified":"2013-02-26T14:20:53","modified_gmt":"2013-02-26T13:20:53","slug":"histoire-de-la-mode-partie-iii-4-les-annees-40","status":"publish","type":"post","link":"http:\/\/www.elinorabijoux.com\/blog\/histoire-de-la-mode-partie-iii-4-les-annees-40\/","title":{"rendered":"Histoire de la mode &#8211; Partie III &#8211; 4\/ Les ann\u00e9es 40"},"content":{"rendered":"<div>Terrible d\u00e9but de si\u00e8cle: apr\u00e8s une premi\u00e8re guerre mondiale en 1914 et une crise \u00e9conomique en 1929, les ann\u00e9es 40 s&rsquo;ouvrent sur la Deuxi\u00e8me Guerre Mondiale et les atrocit\u00e9s nazis; elles se ferment sur la s\u00e9paration de l&rsquo;Allemagne et la cr\u00e9ation du bloc communiste en Europe de l&rsquo;Est.<\/div>\n<div>Bien s\u00fbr, comme pendant chaque p\u00e9riode de guerre, la p\u00e9nurie touche tous les produits et notament les textiles, premiers concern\u00e9s par les tickets de rationnement. Certaines maisons de couture, dont Chanel, ferment leurs portent mais d&rsquo;autres subsistent chichement. Il devient difficile de s&rsquo;habiller, de simplement trouver du tissu. Apr\u00e8s l&rsquo;invasion allemande, en 1941, et le partage de la France en zone libre (au sud) et zone occup\u00e9e, (au nord), les Allemands ont l&rsquo;intention d&rsquo;installer \u00e0 Berlin la haute couture parisienne. Heureusement, ce projet ne verra pas le jour!<\/div>\n<div>C&rsquo;est \u00e0 ce moment qu&rsquo;apparait la mode consistant \u00e0 r\u00e9cup\u00e9rer et d\u00e9tourner tout ce qui tombe sous la main: on coupe ses v\u00eatements dans un rideau, on r\u00e9cup\u00e8re ou on taille \u00e0 sa convenance les v\u00eatements des hommes partis se battre. Les jambes sont teintes pour imiter les bas, introuvables ou bien trop chers. Certaines vont m\u00eame jusqu&rsquo;\u00e0 se dessiner une couture \u00a0pour accentuer le trompe-l&rsquo;oeil.<\/div>\n<div>Voici un petit apper\u00e7u de la silhouette du d\u00e9but de la d\u00e9cennie jusqu&rsquo;\u00e0 la fin de la guerre: le tissu manquant, l&rsquo;aspect g\u00e9n\u00e9ral reste simple. La jupe se porte juste en dessous du genou, les \u00e9paules sont carr\u00e9es, les premi\u00e8res semelles compens\u00e9es apparaissent et l&rsquo;on se fabrique de petits chapeaux en forme de turban \u00e0 partir de chutes de tissus.<\/div>\n<div>La fin de la guerre marque le retour aux festivit\u00e9s, bien que les tickets de rationnement soient maintenus jusqu&rsquo;en 1949. Les maisons de couture rouvrent peu \u00e0 peu. La silhouette se f\u00e9minise de nouveau: robes longues, capes, d\u00e9collet\u00e9s en U laissant apercevoir la poitrine.<\/div>\n<div>Et arrive Christian Dior, avec sa collection Corolle, pr\u00e9sent\u00e9e le 12 f\u00e9vrier 1947 \u00e0 Paris. Il utilise jusqu&rsquo;\u00e0 20 m\u00e8tres de tissu pour ses robes, alors que le rationnement, nous l&rsquo;avons signal\u00e9 plus haut, est toujours en place. Cela choque mais surtout conquiert toutes les femmes: comment r\u00e9sister \u00e0 tant de f\u00e9minit\u00e9 apr\u00e8s l&rsquo;aust\u00e9rit\u00e9 des ann\u00e9es pass\u00e9es? cette mode, si porteuse d&rsquo;espoir par son oppulence, sera celle des ann\u00e9es 50.<\/div>\n<div><img loading=\"lazy\" src=\"http:\/\/1.bp.blogspot.com\/-TCpEl9T03KQ\/TZGzfDFiL5I\/AAAAAAAAABg\/zodaWVNYBRo\/s320\/ann%25C3%25A9es+40.jpg\" alt=\"\" width=\"320\" height=\"259\" \/><\/div>\n<div>Diff\u00e9rentes silhouettes des ann\u00e9es 40 (source:\u00a0bow-tiiie.blogspot.com)<\/div>\n<div><a href=\"http:\/\/storage.canalblog.com\/38\/50\/857424\/65635506.jpg\" target=\"_blank\"><img loading=\"lazy\" src=\"http:\/\/storage.canalblog.com\/38\/50\/857424\/65635506_p.jpg\" alt=\"Lucien Lelong 19470001\" width=\"230\" height=\"300\" border=\"0\" \/><\/a><a href=\"http:\/\/storage.canalblog.com\/40\/87\/857424\/65635520.jpg\" target=\"_blank\"><img loading=\"lazy\" src=\"http:\/\/storage.canalblog.com\/40\/87\/857424\/65635520_p.jpg\" alt=\"Lucien Lelong 19470003\" width=\"124\" height=\"300\" border=\"0\" \/><\/a><\/div>\n<div>Lucien Lelong, 1947<\/div>\n<div><img loading=\"lazy\" src=\"http:\/\/editorial.designtaxi.com\/news\/20799-large.jpg\" alt=\"\" width=\"230\" height=\"320\" \/><\/div>\n<div>Dior. Cette photo r\u00e9pandue illustre tr\u00e8s bien l&rsquo;esprit du New Look (nom donn\u00e9 \u00e0 la ligne Corolle par les Am\u00e9ricains): \u00e9paules larges, poitrine en avant, taille de gu\u00e8pe et jupe ample.<\/div>\n<div><img loading=\"lazy\" src=\"http:\/\/hprints.com\/db\/illustrations\/J96_chanel_1940_v.jpg\" alt=\"\" width=\"238\" height=\"320\" \/><\/div>\n<div>Chanel &#8211; robe du soir (source:\u00a0<a href=\"http:\/\/hprints.com\/print.php?id=26964&amp;u=1,22\">http:\/\/hprints.com\/print.php?id=26964&amp;u=1,22<\/a>)<\/div>\n<div><img loading=\"lazy\" src=\"http:\/\/4.bp.blogspot.com\/_kNo1dXol7a4\/TL6yTgCrtRI\/AAAAAAAAB64\/VuvRMBmjiB0\/s320\/Day+Dresses.jpg\" alt=\"\" width=\"264\" height=\"320\" \/><\/div>\n<div>Robes de jour &#8211; vers 1940 (source:\u00a0<a href=\"http:\/\/glamourdaze.blogspot.com\/2010\/10\/1940s-fashion-wardrobe-plan-how-to.html\">http:\/\/glamourdaze.blogspot.com\/2010\/10\/1940s-fashion-wardrobe-plan-how-to.html<\/a>)<\/div>\n","protected":false},"excerpt":{"rendered":"<p>Terrible d\u00e9but de si\u00e8cle: apr\u00e8s une premi\u00e8re guerre mondiale en 1914 et une crise \u00e9conomique en 1929, les ann\u00e9es 40 s&rsquo;ouvrent sur la Deuxi\u00e8me Guerre Mondiale et les atrocit\u00e9s nazis; elles se ferment sur la s\u00e9paration de l&rsquo;Allemagne et la &hellip; <a href=\"http:\/\/www.elinorabijoux.com\/blog\/histoire-de-la-mode-partie-iii-4-les-annees-40\/\">Continuer la lecture <span class=\"meta-nav\">&rarr;<\/span><\/a><\/p>\n","protected":false},"author":1,"featured_media":0,"comment_status":"open","ping_status":"open","sticky":false,"template":"","format":"standard","meta":[],"categories":[4],"tags":[306,471,20,469,29],"_links":{"self":[{"href":"http:\/\/www.elinorabijoux.com\/blog\/wp-json\/wp\/v2\/posts\/72"}],"collection":[{"href":"http:\/\/www.elinorabijoux.com\/blog\/wp-json\/wp\/v2\/posts"}],"about":[{"href":"http:\/\/www.elinorabijoux.com\/blog\/wp-json\/wp\/v2\/types\/post"}],"author":[{"embeddable":true,"href":"http:\/\/www.elinorabijoux.com\/blog\/wp-json\/wp\/v2\/users\/1"}],"replies":[{"embeddable":true,"href":"http:\/\/www.elinorabijoux.com\/blog\/wp-json\/wp\/v2\/comments?post=72"}],"version-history":[{"count":4,"href":"http:\/\/www.elinorabijoux.com\/blog\/wp-json\/wp\/v2\/posts\/72\/revisions"}],"predecessor-version":[{"id":1161,"href":"http:\/\/www.elinorabijoux.com\/blog\/wp-json\/wp\/v2\/posts\/72\/revisions\/1161"}],"wp:attachment":[{"href":"http:\/\/www.elinorabijoux.com\/blog\/wp-json\/wp\/v2\/media?parent=72"}],"wp:term":[{"taxonomy":"category","embeddable":true,"href":"http:\/\/www.elinorabijoux.com\/blog\/wp-json\/wp\/v2\/categories?post=72"},{"taxonomy":"post_tag","embeddable":true,"href":"http:\/\/www.elinorabijoux.com\/blog\/wp-json\/wp\/v2\/tags?post=72"}],"curies":[{"name":"wp","href":"https:\/\/api.w.org\/{rel}","templated":true}]}}