{"id":812,"date":"2012-10-19T13:09:16","date_gmt":"2012-10-19T12:09:16","guid":{"rendered":"http:\/\/www.elinoracouture.com\/blog\/?p=812"},"modified":"2012-10-19T13:17:14","modified_gmt":"2012-10-19T12:17:14","slug":"marion-cotillard-dior-et-le-vintage","status":"publish","type":"post","link":"http:\/\/www.elinorabijoux.com\/blog\/marion-cotillard-dior-et-le-vintage\/","title":{"rendered":"Marion Cotillard, Dior et le Vintage"},"content":{"rendered":"<p>Ce matin, vous avez pu voir que j&rsquo;ai partag\u00e9, sur la page <a href=\"http:\/\/www.facebook.com\/elinoracouture\" target=\"_blank\">Facebook<\/a>, des photos de Marion Cotillard habill\u00e9e en Dior Vintage de la p\u00e9riode 1948 &#8211; 1957.<\/p>\n<p>Le but de l&rsquo;op\u00e9ration est simple: faire revivre des pi\u00e8ces et des silhouettes phares du cr\u00e9ateur. Le th\u00e8me: l&rsquo;air, le vent, la libert\u00e9, la l\u00e9g\u00e8ret\u00e9&#8230;<\/p>\n<p>La suite en images&#8230;<\/p>\n<div id=\"attachment_814\" style=\"width: 480px\" class=\"wp-caption alignnone\"><a href=\"http:\/\/www.elinoracouture.com\/blog\/wp-content\/uploads\/2012\/10\/421038_417243081663696_426975303_n.jpg\"><img aria-describedby=\"caption-attachment-814\" loading=\"lazy\" class=\"wp-image-814  \" title=\"421038_417243081663696_426975303_n\" src=\"http:\/\/www.elinoracouture.com\/blog\/wp-content\/uploads\/2012\/10\/421038_417243081663696_426975303_n.jpg\" alt=\"\" width=\"470\" height=\"614\" srcset=\"http:\/\/www.elinorabijoux.com\/blog\/wp-content\/uploads\/2012\/10\/421038_417243081663696_426975303_n.jpg 735w, http:\/\/www.elinorabijoux.com\/blog\/wp-content\/uploads\/2012\/10\/421038_417243081663696_426975303_n-229x300.jpg 229w\" sizes=\"(max-width: 470px) 100vw, 470px\" \/><\/a><p id=\"caption-attachment-814\" class=\"wp-caption-text\">Robe \u00ab\u00a0Portugal\u00a0\u00bb en organdi blanc et broderies rouge cerise, Ligne Libre, P\/E 1957. J&rsquo;esp\u00e8re que vous \u00eates sensibles \u00e0 la beaut\u00e9 des couleurs utilis\u00e9es, ce rouge est divin!<\/p><\/div>\n<div id=\"attachment_815\" style=\"width: 624px\" class=\"wp-caption alignnone\"><a href=\"http:\/\/www.elinoracouture.com\/blog\/wp-content\/uploads\/2012\/10\/525759_417243041663700_1564089312_n.jpg\"><img aria-describedby=\"caption-attachment-815\" loading=\"lazy\" class=\"wp-image-815 \" title=\"525759_417243041663700_1564089312_n\" src=\"http:\/\/www.elinoracouture.com\/blog\/wp-content\/uploads\/2012\/10\/525759_417243041663700_1564089312_n.jpg\" alt=\"\" width=\"614\" height=\"403\" srcset=\"http:\/\/www.elinorabijoux.com\/blog\/wp-content\/uploads\/2012\/10\/525759_417243041663700_1564089312_n.jpg 960w, http:\/\/www.elinorabijoux.com\/blog\/wp-content\/uploads\/2012\/10\/525759_417243041663700_1564089312_n-300x196.jpg 300w\" sizes=\"(max-width: 614px) 100vw, 614px\" \/><\/a><p id=\"caption-attachment-815\" class=\"wp-caption-text\">Sur cette photo, Cotillard est d&rsquo;une classe incomparable! La photo est magnifique et l&rsquo;actrice a \u00e9t\u00e9 hyper bien arrang\u00e9e: un chapeau \u00e0 voilette lui donne un petit air myst\u00e9rieux et tr\u00e8s sensuel avec la bouche rouge. Le magnifique manteau qu&rsquo;elle porte s&rsquo;appelle \u00ab\u00a0Arizona\u00a0\u00bb. C&rsquo;est un v\u00eatement en laine de la Ligne Ail\u00e9e, collection A\/H 1948-49.<\/p><\/div>\n<p>&nbsp;<\/p>\n<div style=\"width: 599px\" class=\"wp-caption alignnone\"><img loading=\"lazy\" title=\"Dior Cotillard\" src=\"https:\/\/fbcdn-sphotos-d-a.akamaihd.net\/hphotos-ak-ash4\/247699_417243064997031_43454991_n.jpg\" alt=\"\" width=\"589\" height=\"768\" \/><p class=\"wp-caption-text\">Une tr\u00e8s c\u00e9l\u00e8bre silhouette de Dior: la Ligne H. Robe \u00ab\u00a0Porto Rico\u00a0\u00bb, noire \u00e0 pois blancs, A\/H 1954-55.<\/p><\/div>\n<p>&nbsp;<\/p>\n<div style=\"width: 599px\" class=\"wp-caption alignnone\"><img loading=\"lazy\" title=\"Dior Cotillard\" src=\"https:\/\/fbcdn-sphotos-g-a.akamaihd.net\/hphotos-ak-ash4\/483009_417243108330360_1910904701_n.jpg\" alt=\"\" width=\"589\" height=\"768\" \/><p class=\"wp-caption-text\">Robe et bol\u00e9ro \u00ab\u00a0Tourbillon\u00a0\u00bb, Ligne Fuseau. Cr\u00eape de laine noir, A\/H 1957-58.<\/p><\/div>\n<p>&nbsp;<\/p>\n<p>&nbsp;<\/p>\n","protected":false},"excerpt":{"rendered":"<p>Ce matin, vous avez pu voir que j&rsquo;ai partag\u00e9, sur la page Facebook, des photos de Marion Cotillard habill\u00e9e en Dior Vintage de la p\u00e9riode 1948 &#8211; 1957. Le but de l&rsquo;op\u00e9ration est simple: faire revivre des pi\u00e8ces et des &hellip; <a href=\"http:\/\/www.elinorabijoux.com\/blog\/marion-cotillard-dior-et-le-vintage\/\">Continuer la lecture <span class=\"meta-nav\">&rarr;<\/span><\/a><\/p>\n","protected":false},"author":1,"featured_media":0,"comment_status":"open","ping_status":"open","sticky":false,"template":"","format":"standard","meta":[],"categories":[16],"tags":[58,241,236,240,239,238,237,242,235,91,121],"_links":{"self":[{"href":"http:\/\/www.elinorabijoux.com\/blog\/wp-json\/wp\/v2\/posts\/812"}],"collection":[{"href":"http:\/\/www.elinorabijoux.com\/blog\/wp-json\/wp\/v2\/posts"}],"about":[{"href":"http:\/\/www.elinorabijoux.com\/blog\/wp-json\/wp\/v2\/types\/post"}],"author":[{"embeddable":true,"href":"http:\/\/www.elinorabijoux.com\/blog\/wp-json\/wp\/v2\/users\/1"}],"replies":[{"embeddable":true,"href":"http:\/\/www.elinorabijoux.com\/blog\/wp-json\/wp\/v2\/comments?post=812"}],"version-history":[{"count":4,"href":"http:\/\/www.elinorabijoux.com\/blog\/wp-json\/wp\/v2\/posts\/812\/revisions"}],"predecessor-version":[{"id":819,"href":"http:\/\/www.elinorabijoux.com\/blog\/wp-json\/wp\/v2\/posts\/812\/revisions\/819"}],"wp:attachment":[{"href":"http:\/\/www.elinorabijoux.com\/blog\/wp-json\/wp\/v2\/media?parent=812"}],"wp:term":[{"taxonomy":"category","embeddable":true,"href":"http:\/\/www.elinorabijoux.com\/blog\/wp-json\/wp\/v2\/categories?post=812"},{"taxonomy":"post_tag","embeddable":true,"href":"http:\/\/www.elinorabijoux.com\/blog\/wp-json\/wp\/v2\/tags?post=812"}],"curies":[{"name":"wp","href":"https:\/\/api.w.org\/{rel}","templated":true}]}}