{"id":884,"date":"2012-11-13T11:30:55","date_gmt":"2012-11-13T10:30:55","guid":{"rendered":"http:\/\/www.elinoracouture.com\/blog\/?p=884"},"modified":"2012-11-13T11:59:10","modified_gmt":"2012-11-13T10:59:10","slug":"parfums-mythiques-8-lair-du-temps-de-nina-ricci-1948","status":"publish","type":"post","link":"http:\/\/www.elinorabijoux.com\/blog\/parfums-mythiques-8-lair-du-temps-de-nina-ricci-1948\/","title":{"rendered":"Parfums Mythiques #8: L&rsquo;Air du Temps de Nina Ricci (1948)"},"content":{"rendered":"<p>Ce n&rsquo;est pas Nina Ricci mais son fils Robert, qui se lance dans la cr\u00e9ation de ce parfum. \u00ab\u00a0L&rsquo;Air du temps\u00a0\u00bb, un nom bien \u00e0 propos pour une fragrance de l&rsquo;apr\u00e8s-guerre. En 1948, apr\u00e8s des ann\u00e9es tr\u00e8s difficiles, la France est reconstruction. Les mati\u00e8res premi\u00e8res continuent de manquer mais peu importe, Dior a d\u00e9j\u00e0 donn\u00e9 le ton l&rsquo;ann\u00e9e pr\u00e9c\u00e9dente avec le New Look, et il a \u00e9t\u00e9 imm\u00e9diatement suivi (\u00e0 quelques exceptions pr\u00e8s): la mode est \u00e0 l&rsquo;opulence, redevient une ode \u00e0 la jeunesse et \u00e0 la f\u00e9minit\u00e9 et se doit \u00e0 nouveau de faire r\u00eaver. Et pour les parfums, on n&rsquo;aspire plus qu&rsquo;\u00e0 la l\u00e9g\u00e8ret\u00e9. Ricci ne veut plus de ces senteurs si fortes, capiteuses, qui \u00e9taient \u00e0 la mode en ce temps-l\u00e0, il veut de la fra\u00eecheur et de la puret\u00e9, de la douceur et de la jeunesse. Francis Fabron, cr\u00e9ateur de plusieurs fragrances de grand renom telles que le Dix de Balenciaga ou l&rsquo;Interdit de Givenchy, prend en charge l&rsquo;\u00e9laboration de ce parfum. Le flacon actuel n&rsquo;a \u00e9t\u00e9 con\u00e7u qu&rsquo;en 1951, par Marc Lalique, fils du c\u00e9l\u00e8bre bijoutier et verrier. En 1948, le flacon avait simplement \u00e9t\u00e9 orn\u00e9 d&rsquo;un soleil et d&rsquo;une colombe par Joan Rebull.<\/p>\n<p>Mais l&rsquo;Air du Temps n&rsquo;a pas eu imm\u00e9diatement le succ\u00e8s d&rsquo;aujourd&rsquo;hui. Pendant deux ans, il fut d\u00e9laiss\u00e9 car&#8230; manquant de force! La jeunesse des ann\u00e9es 50 aimait l&rsquo;opulence dans les parfums aussi!<\/p>\n<p><strong>Notes de t\u00eate<\/strong><\/p>\n<p>Oeillet &#8211; Gard\u00e9nia<\/p>\n<p><strong>Note de coeur<\/strong><\/p>\n<p>Rose &#8211; Jasmin<\/p>\n<p><strong>Note de fond<\/strong><\/p>\n<p>Iris &#8211; Santal<\/p>\n<p>&nbsp;<\/p>\n<div id=\"attachment_888\" style=\"width: 237px\" class=\"wp-caption alignnone\"><a href=\"http:\/\/www.elinoracouture.com\/blog\/wp-content\/uploads\/2012\/11\/Coffret-ricci-air-du-temps-1955.jpg\"><img aria-describedby=\"caption-attachment-888\" loading=\"lazy\" class=\"size-medium wp-image-888\" title=\"Coffret ricci air du temps 1955\" src=\"http:\/\/www.elinoracouture.com\/blog\/wp-content\/uploads\/2012\/11\/Coffret-ricci-air-du-temps-1955-227x300.jpg\" alt=\"\" width=\"227\" height=\"300\" srcset=\"http:\/\/www.elinorabijoux.com\/blog\/wp-content\/uploads\/2012\/11\/Coffret-ricci-air-du-temps-1955-227x300.jpg 227w, http:\/\/www.elinorabijoux.com\/blog\/wp-content\/uploads\/2012\/11\/Coffret-ricci-air-du-temps-1955.jpg 372w\" sizes=\"(max-width: 227px) 100vw, 227px\" \/><\/a><p id=\"caption-attachment-888\" class=\"wp-caption-text\">Coffret L&rsquo;Air du Temps, Nina Ricci, 1955.<\/p><\/div>\n<p>&nbsp;<\/p>\n<div id=\"attachment_887\" style=\"width: 310px\" class=\"wp-caption alignnone\"><a href=\"http:\/\/www.elinoracouture.com\/blog\/wp-content\/uploads\/2012\/11\/pub-air-du-temps-1974.jpg\"><img aria-describedby=\"caption-attachment-887\" loading=\"lazy\" class=\"size-medium wp-image-887\" title=\"pub air du temps 1974\" src=\"http:\/\/www.elinoracouture.com\/blog\/wp-content\/uploads\/2012\/11\/pub-air-du-temps-1974-300x175.jpg\" alt=\"\" width=\"300\" height=\"175\" srcset=\"http:\/\/www.elinorabijoux.com\/blog\/wp-content\/uploads\/2012\/11\/pub-air-du-temps-1974-300x175.jpg 300w, http:\/\/www.elinorabijoux.com\/blog\/wp-content\/uploads\/2012\/11\/pub-air-du-temps-1974.jpg 876w\" sizes=\"(max-width: 300px) 100vw, 300px\" \/><\/a><p id=\"caption-attachment-887\" class=\"wp-caption-text\">Publicit\u00e9 pour l&rsquo;Air du Temps, 1974.<\/p><\/div>\n<p>&nbsp;<\/p>\n","protected":false},"excerpt":{"rendered":"<p>Ce n&rsquo;est pas Nina Ricci mais son fils Robert, qui se lance dans la cr\u00e9ation de ce parfum. \u00ab\u00a0L&rsquo;Air du temps\u00a0\u00bb, un nom bien \u00e0 propos pour une fragrance de l&rsquo;apr\u00e8s-guerre. En 1948, apr\u00e8s des ann\u00e9es tr\u00e8s difficiles, la France &hellip; <a href=\"http:\/\/www.elinorabijoux.com\/blog\/parfums-mythiques-8-lair-du-temps-de-nina-ricci-1948\/\">Continuer la lecture <span class=\"meta-nav\">&rarr;<\/span><\/a><\/p>\n","protected":false},"author":1,"featured_media":0,"comment_status":"open","ping_status":"open","sticky":false,"template":"","format":"standard","meta":[],"categories":[31,10,7],"tags":[284,152,285,283,153],"_links":{"self":[{"href":"http:\/\/www.elinorabijoux.com\/blog\/wp-json\/wp\/v2\/posts\/884"}],"collection":[{"href":"http:\/\/www.elinorabijoux.com\/blog\/wp-json\/wp\/v2\/posts"}],"about":[{"href":"http:\/\/www.elinorabijoux.com\/blog\/wp-json\/wp\/v2\/types\/post"}],"author":[{"embeddable":true,"href":"http:\/\/www.elinorabijoux.com\/blog\/wp-json\/wp\/v2\/users\/1"}],"replies":[{"embeddable":true,"href":"http:\/\/www.elinorabijoux.com\/blog\/wp-json\/wp\/v2\/comments?post=884"}],"version-history":[{"count":4,"href":"http:\/\/www.elinorabijoux.com\/blog\/wp-json\/wp\/v2\/posts\/884\/revisions"}],"predecessor-version":[{"id":890,"href":"http:\/\/www.elinorabijoux.com\/blog\/wp-json\/wp\/v2\/posts\/884\/revisions\/890"}],"wp:attachment":[{"href":"http:\/\/www.elinorabijoux.com\/blog\/wp-json\/wp\/v2\/media?parent=884"}],"wp:term":[{"taxonomy":"category","embeddable":true,"href":"http:\/\/www.elinorabijoux.com\/blog\/wp-json\/wp\/v2\/categories?post=884"},{"taxonomy":"post_tag","embeddable":true,"href":"http:\/\/www.elinorabijoux.com\/blog\/wp-json\/wp\/v2\/tags?post=884"}],"curies":[{"name":"wp","href":"https:\/\/api.w.org\/{rel}","templated":true}]}}